{"id":422,"date":"2024-10-10T12:42:24","date_gmt":"2024-10-10T12:42:24","guid":{"rendered":"https:\/\/pppsroda.pl\/?p=422"},"modified":"2024-10-10T12:42:24","modified_gmt":"2024-10-10T12:42:24","slug":"10-pazdziernika-2024-r-obchodzimy-swiatowy-dzien-zdrowia-psychicznego","status":"publish","type":"post","link":"https:\/\/pppsroda.pl\/index.php\/2024\/10\/10\/10-pazdziernika-2024-r-obchodzimy-swiatowy-dzien-zdrowia-psychicznego\/","title":{"rendered":"10 pa\u017adziernika 2024 r. obchodzimy \u015awiatowy Dzie\u0144 Zdrowia Psychicznego.\u00a0"},"content":{"rendered":"<div>10 pa\u017adziernika 2024 r. obchodzimy \u015awiatowy Dzie\u0144 Zdrowia Psychicznego.<\/div>\n<div><\/div>\n<div>Czym jest zdrowie psychiczne? Zdrowie psychiczne mo\u017cna rozumie\u0107 jako brak chor\u00f3b, ale nie tylko. Poj\u0119cie te mo\u017cna rozumie\u0107 te\u017c jako zdolno\u015b\u0107 do rozwoju i samorealizacji. Zdrowie psychiczne przejawia si\u0119 dobrym samopoczuciem, pewno\u015bci\u0105 i wiar\u0105 w siebie, poczuciem w\u0142asnej warto\u015bci. Kondycja psychiczna wp\u0142ywa na spos\u00f3b my\u015blenia, odczuwania i dzia\u0142ania. Zdrowie psychiczne pomaga w \u017cyciu codziennym w pe\u0142ni cieszy\u0107 si\u0119 z \u017cycia, pokonywa\u0107 trudno\u015bci oraz dokonywa\u0107 w\u0142a\u015bciwych wybor\u00f3w.<\/div>\n<div><\/div>\n<div>Dbanie o swoje zdrowie psychiczne jest tak samo wa\u017cne jak dbanie o zdrowie fizyczne!<\/div>\n<div><\/div>\n<div>\ud83d\udde3 Rozmawiajmy o emocjach i swoich problemach<\/div>\n<div>\ud83e\udd1d B\u0105d\u017amy dla siebie wsparciem<\/div>\n<div>\ud83d\udca1 Nie wstyd\u017amy si\u0119 szuka\u0107 pomocy, kiedy jej potrzebujemy<\/div>\n","protected":false},"excerpt":{"rendered":"<p>10 pa\u017adziernika 2024 r. obchodzimy \u015awiatowy Dzie\u0144 Zdrowia Psychicznego. Czym jest zdrowie psychiczne? Zdrowie psychiczne mo\u017cna rozumie\u0107 jako brak chor\u00f3b, ale nie tylko. Poj\u0119cie te&hellip; <a class=\"continue\" href=\"https:\/\/pppsroda.pl\/index.php\/2024\/10\/10\/10-pazdziernika-2024-r-obchodzimy-swiatowy-dzien-zdrowia-psychicznego\/\">Continue Reading<span> 10 pa\u017adziernika 2024 r. obchodzimy \u015awiatowy Dzie\u0144 Zdrowia Psychicznego.\u00a0<\/span><\/a><\/p>\n","protected":false},"author":1,"featured_media":423,"comment_status":"closed","ping_status":"open","sticky":false,"template":"","format":"standard","meta":{"footnotes":""},"categories":[1],"tags":[],"class_list":["post-422","post","type-post","status-publish","format-standard","has-post-thumbnail","hentry","category-uncategorized"],"_links":{"self":[{"href":"https:\/\/pppsroda.pl\/index.php\/wp-json\/wp\/v2\/posts\/422","targetHints":{"allow":["GET"]}}],"collection":[{"href":"https:\/\/pppsroda.pl\/index.php\/wp-json\/wp\/v2\/posts"}],"about":[{"href":"https:\/\/pppsroda.pl\/index.php\/wp-json\/wp\/v2\/types\/post"}],"author":[{"embeddable":true,"href":"https:\/\/pppsroda.pl\/index.php\/wp-json\/wp\/v2\/users\/1"}],"replies":[{"embeddable":true,"href":"https:\/\/pppsroda.pl\/index.php\/wp-json\/wp\/v2\/comments?post=422"}],"version-history":[{"count":1,"href":"https:\/\/pppsroda.pl\/index.php\/wp-json\/wp\/v2\/posts\/422\/revisions"}],"predecessor-version":[{"id":424,"href":"https:\/\/pppsroda.pl\/index.php\/wp-json\/wp\/v2\/posts\/422\/revisions\/424"}],"wp:featuredmedia":[{"embeddable":true,"href":"https:\/\/pppsroda.pl\/index.php\/wp-json\/wp\/v2\/media\/423"}],"wp:attachment":[{"href":"https:\/\/pppsroda.pl\/index.php\/wp-json\/wp\/v2\/media?parent=422"}],"wp:term":[{"taxonomy":"category","embeddable":true,"href":"https:\/\/pppsroda.pl\/index.php\/wp-json\/wp\/v2\/categories?post=422"},{"taxonomy":"post_tag","embeddable":true,"href":"https:\/\/pppsroda.pl\/index.php\/wp-json\/wp\/v2\/tags?post=422"}],"curies":[{"name":"wp","href":"https:\/\/api.w.org\/{rel}","templated":true}]}}