{"id":346,"date":"2024-02-23T13:23:04","date_gmt":"2024-02-23T13:23:04","guid":{"rendered":"https:\/\/pppsroda.pl\/?p=346"},"modified":"2024-02-23T13:23:50","modified_gmt":"2024-02-23T13:23:50","slug":"23-lutego-ogolnopolski-dzien-walki-z-depresja","status":"publish","type":"post","link":"https:\/\/pppsroda.pl\/index.php\/2024\/02\/23\/23-lutego-ogolnopolski-dzien-walki-z-depresja\/","title":{"rendered":"23 lutego Og\u00f3lnopolski Dzie\u0144 Walki z depresj\u0105"},"content":{"rendered":"<p>23 lutego obchodzimy Og\u00f3lnopolski Dzie\u0144 Walki z Depresj\u0105. Wed\u0142ug raportu Fundacji UNAWEZA, kt\u00f3ry znajduje si\u0119 na stronie mlodeglowy.pl: co trzeci polski ucze\u0144 ma podejrzenie depresji, 4 na 10 uczni\u00f3w my\u015bla\u0142o o samob\u00f3jstwie \u2013 39%, co 10 ucze\u0144 zadeklarowa\u0142, \u017ce podj\u0105\u0142 pr\u00f3b\u0119 samob\u00f3jcz\u0105, a 20% m\u0142odych os\u00f3b zadeklarowa\u0142o, \u017ce nie chce im si\u0119 \u017cy\u0107. Z danych \u015awiatowej Organizacji Zdrowia wynika, \u017ce depresja jest jedn\u0105 z najcz\u0119\u015bciej wyst\u0119puj\u0105cych chor\u00f3b na \u015bwiecie. W celu upowszechnienia wiedzy na temat zaburze\u0144 depresyjnych Poradnia przyst\u0105pi\u0142a do obchod\u00f3w tego dnia. Zach\u0119camy zatem rodzic\u00f3w oraz nauczycieli do zapoznania si\u0119 z nasz\u0105 ofert\u0105:<\/p>\n<p>29.02.2024r. w godzinach 16.30 \u2013 18.00: ,,Depresja \u2013 co rodzice powinni o niej wiedzie\u0107?\u201d \u2013 spotkanie psychoedukacyjne dla rodzic\u00f3w. Podczas spotkania dowiedz\u0105 si\u0119 Pa\u0144stwo: czym jest depresja, co m\u00f3wi\u0107 a czego nie m\u00f3wi\u0107 osobom z depresj\u0105, jakie s\u0105 jej przyczyny, co zrobi\u0107, gdy dziecko zachoruje na depresj\u0119, gdzie uzyska\u0107 pomoc, jakie s\u0105 sposoby leczenia depresji oraz jakie s\u0105 r\u00f3\u017cnice mi\u0119dzy psychiatr\u0105, psychologiem i psychoterapeut\u0105. Spotkanie poprowadzi psycholog mgr Klaudia Bystrzak.<\/p>\n<p>04.03.2024r. w godzinach 16.30 \u2013 18.00 odb\u0119dzie si\u0119 spotkanie dla nauczycieli na temat ,,Depresja u dzieci i m\u0142odzie\u017cy: profilaktyka, diagnoza, terapia&#8221;. Spotkanie rozpocznie si\u0119 prelekcj\u0105, po niej istnieje mo\u017cliwo\u015b\u0107 indywidualnych konsultacji dla nauczycieli. Spotkanie poprowadzi psycholog mgr Justyna Kuehn.<\/p>\n<p>Zapisy pod numerem telefonu: 61 677 08 80 b\u0105d\u017a 607 575 196<br \/>\nMiejsce: Poradnia Psychologiczno-Pedagogiczna w \u015arodzie Wielkopolskiej, ul. \u017bwirki i Wigury 3.<\/p>\n<p><img loading=\"lazy\" decoding=\"async\" src=\"http:\/\/pppsroda.pl\/wp-content\/uploads\/2024\/02\/Obszar-kompozycji-1-225x300.png\" alt=\"23 lutego - plakat o og\u00f3lnopolskim dniu walki z depresj\u0105\" width=\"225\" height=\"300\" class=\"alignnone size-medium wp-image-347\" srcset=\"https:\/\/pppsroda.pl\/wp-content\/uploads\/2024\/02\/Obszar-kompozycji-1-225x300.png 225w, https:\/\/pppsroda.pl\/wp-content\/uploads\/2024\/02\/Obszar-kompozycji-1-768x1025.png 768w, https:\/\/pppsroda.pl\/wp-content\/uploads\/2024\/02\/Obszar-kompozycji-1-1151x1536.png 1151w, https:\/\/pppsroda.pl\/wp-content\/uploads\/2024\/02\/Obszar-kompozycji-1-1535x2048.png 1535w, https:\/\/pppsroda.pl\/wp-content\/uploads\/2024\/02\/Obszar-kompozycji-1.png 2048w\" sizes=\"auto, (max-width: 225px) 100vw, 225px\" \/><\/p>\n","protected":false},"excerpt":{"rendered":"<p>23 lutego obchodzimy Og\u00f3lnopolski Dzie\u0144 Walki z Depresj\u0105. Wed\u0142ug raportu Fundacji UNAWEZA, kt\u00f3ry znajduje si\u0119 na stronie mlodeglowy.pl: co trzeci polski ucze\u0144 ma podejrzenie depresji,&hellip; <a class=\"continue\" href=\"https:\/\/pppsroda.pl\/index.php\/2024\/02\/23\/23-lutego-ogolnopolski-dzien-walki-z-depresja\/\">Continue Reading<span> 23 lutego Og\u00f3lnopolski Dzie\u0144 Walki z depresj\u0105<\/span><\/a><\/p>\n","protected":false},"author":1,"featured_media":347,"comment_status":"closed","ping_status":"open","sticky":false,"template":"","format":"standard","meta":{"footnotes":""},"categories":[1],"tags":[],"class_list":["post-346","post","type-post","status-publish","format-standard","has-post-thumbnail","hentry","category-uncategorized"],"_links":{"self":[{"href":"https:\/\/pppsroda.pl\/index.php\/wp-json\/wp\/v2\/posts\/346","targetHints":{"allow":["GET"]}}],"collection":[{"href":"https:\/\/pppsroda.pl\/index.php\/wp-json\/wp\/v2\/posts"}],"about":[{"href":"https:\/\/pppsroda.pl\/index.php\/wp-json\/wp\/v2\/types\/post"}],"author":[{"embeddable":true,"href":"https:\/\/pppsroda.pl\/index.php\/wp-json\/wp\/v2\/users\/1"}],"replies":[{"embeddable":true,"href":"https:\/\/pppsroda.pl\/index.php\/wp-json\/wp\/v2\/comments?post=346"}],"version-history":[{"count":2,"href":"https:\/\/pppsroda.pl\/index.php\/wp-json\/wp\/v2\/posts\/346\/revisions"}],"predecessor-version":[{"id":349,"href":"https:\/\/pppsroda.pl\/index.php\/wp-json\/wp\/v2\/posts\/346\/revisions\/349"}],"wp:featuredmedia":[{"embeddable":true,"href":"https:\/\/pppsroda.pl\/index.php\/wp-json\/wp\/v2\/media\/347"}],"wp:attachment":[{"href":"https:\/\/pppsroda.pl\/index.php\/wp-json\/wp\/v2\/media?parent=346"}],"wp:term":[{"taxonomy":"category","embeddable":true,"href":"https:\/\/pppsroda.pl\/index.php\/wp-json\/wp\/v2\/categories?post=346"},{"taxonomy":"post_tag","embeddable":true,"href":"https:\/\/pppsroda.pl\/index.php\/wp-json\/wp\/v2\/tags?post=346"}],"curies":[{"name":"wp","href":"https:\/\/api.w.org\/{rel}","templated":true}]}}